{"id":5575,"date":"2026-09-02T17:43:51","date_gmt":"2026-09-02T15:43:51","guid":{"rendered":"https:\/\/www.espiritasmadrid.com\/?p=5575"},"modified":"2026-09-02T17:43:52","modified_gmt":"2026-09-02T15:43:52","slug":"conferencias-de-octubre-2026","status":"publish","type":"post","link":"https:\/\/www.espiritasmadrid.com\/index.php\/2026\/09\/02\/conferencias-de-octubre-2026\/","title":{"rendered":"Conferencias de octubre 2026"},"content":{"rendered":"<div class=\"wp-block-image\">\n<figure class=\"aligncenter size-full is-resized\"><img loading=\"lazy\" decoding=\"async\" width=\"624\" height=\"624\" src=\"https:\/\/www.espiritasmadrid.com\/wp-content\/uploads\/2024\/04\/David-Cuevas.jpg\" alt=\"\" class=\"wp-image-1485\" style=\"width:410px;height:auto\" srcset=\"https:\/\/www.espiritasmadrid.com\/wp-content\/uploads\/2024\/04\/David-Cuevas.jpg 624w, https:\/\/www.espiritasmadrid.com\/wp-content\/uploads\/2024\/04\/David-Cuevas-300x300.jpg 300w, https:\/\/www.espiritasmadrid.com\/wp-content\/uploads\/2024\/04\/David-Cuevas-150x150.jpg 150w\" sizes=\"auto, (max-width: 624px) 100vw, 624px\" \/><\/figure>\n<\/div>\n\n\n<h2 class=\"wp-block-heading has-text-align-center\"><em>\u00abEntre OVNIS, esp\u00edas y fen\u00f3menos extra\u00f1os: Varias d\u00e9cadas en busca de lo ins\u00f3lito\u00bb, <\/em>por David Cuevas<\/h2>\n\n\n\n<h2 class=\"wp-block-heading has-text-align-left\">Viernes 2 de octubre a las 19:00h<\/h2>\n\n\n\n<hr class=\"wp-block-separator has-alpha-channel-opacity\"\/>\n\n\n<div class=\"wp-block-image\">\n<figure class=\"aligncenter size-full is-resized\"><img loading=\"lazy\" decoding=\"async\" width=\"364\" height=\"418\" src=\"https:\/\/www.espiritasmadrid.com\/wp-content\/uploads\/2023\/10\/Juan-Jose-Sanchez-Oro.jpg\" alt=\"\" class=\"wp-image-1307\" style=\"width:392px;height:auto\" srcset=\"https:\/\/www.espiritasmadrid.com\/wp-content\/uploads\/2023\/10\/Juan-Jose-Sanchez-Oro.jpg 364w, https:\/\/www.espiritasmadrid.com\/wp-content\/uploads\/2023\/10\/Juan-Jose-Sanchez-Oro-261x300.jpg 261w\" sizes=\"auto, (max-width: 364px) 100vw, 364px\" \/><\/figure>\n<\/div>\n\n\n<h2 class=\"wp-block-heading has-text-align-center\"><em>\u00abMuerte y m\u00e1s all\u00e1 en la antigua Grecia\u00bb, <\/em>por Juan Jos\u00e9 S\u00e1nchez-Oro<\/h2>\n\n\n\n<h2 class=\"wp-block-heading has-text-align-left\">Viernes 9 de octubre a las 19:00h<\/h2>\n\n\n\n<hr class=\"wp-block-separator has-alpha-channel-opacity\"\/>\n\n\n<div class=\"wp-block-image\">\n<figure class=\"aligncenter size-large is-resized\"><img loading=\"lazy\" decoding=\"async\" width=\"695\" height=\"1024\" src=\"https:\/\/www.espiritasmadrid.com\/wp-content\/uploads\/2023\/05\/20230512_203253-695x1024.jpg\" alt=\"\" class=\"wp-image-1109\" style=\"width:345px;height:auto\" srcset=\"https:\/\/www.espiritasmadrid.com\/wp-content\/uploads\/2023\/05\/20230512_203253-695x1024.jpg 695w, https:\/\/www.espiritasmadrid.com\/wp-content\/uploads\/2023\/05\/20230512_203253-204x300.jpg 204w, https:\/\/www.espiritasmadrid.com\/wp-content\/uploads\/2023\/05\/20230512_203253.jpg 751w\" sizes=\"auto, (max-width: 695px) 100vw, 695px\" \/><\/figure>\n<\/div>\n\n\n<h2 class=\"wp-block-heading has-text-align-center\"><em>\u00abCompa\u00f1eros de jornada\u00bb, <\/em>por Manolita Fern\u00e1ndez<\/h2>\n\n\n\n<h2 class=\"wp-block-heading has-text-align-left\">Viernes 16 de octubre a las 19:00h<\/h2>\n\n\n\n<hr class=\"wp-block-separator has-alpha-channel-opacity\"\/>\n\n\n<div class=\"wp-block-image\">\n<figure class=\"aligncenter size-full is-resized\"><img loading=\"lazy\" decoding=\"async\" width=\"561\" height=\"551\" src=\"https:\/\/www.espiritasmadrid.com\/wp-content\/uploads\/2019\/08\/Victor-2018.png\" alt=\"\" class=\"wp-image-281\" style=\"aspect-ratio:1.0181512785996678;width:414px;height:auto\" srcset=\"https:\/\/www.espiritasmadrid.com\/wp-content\/uploads\/2019\/08\/Victor-2018.png 561w, https:\/\/www.espiritasmadrid.com\/wp-content\/uploads\/2019\/08\/Victor-2018-300x295.png 300w\" sizes=\"auto, (max-width: 561px) 100vw, 561px\" \/><\/figure>\n<\/div>\n\n\n<h2 class=\"wp-block-heading has-text-align-center\"><em>\u00abEspiritismo y masoner\u00eda: Una p\u00e1gina de nuestra historia\u00bb, <\/em>por V\u00edctor M. Fern\u00e1ndez<\/h2>\n\n\n\n<h2 class=\"wp-block-heading has-text-align-left\">Viernes 23 de octubre a las 19:00h<\/h2>\n\n\n\n<hr class=\"wp-block-separator has-alpha-channel-opacity\"\/>\n\n\n<div class=\"wp-block-image\">\n<figure class=\"aligncenter size-full is-resized\"><img loading=\"lazy\" decoding=\"async\" width=\"220\" height=\"292\" src=\"https:\/\/www.espiritasmadrid.com\/wp-content\/uploads\/2020\/01\/Miguel_Zorita.jpg\" alt=\"\" class=\"wp-image-450\" style=\"width:360px;height:auto\"\/><\/figure>\n<\/div>\n\n\n<h2 class=\"wp-block-heading has-text-align-center\"><em>\u00abHombres y mujeres borrados de la historia\u00bb, <\/em>por Miguel Zorita<\/h2>\n\n\n\n<h2 class=\"wp-block-heading has-text-align-left\">Viernes 30 de octubre a las 19:00h<\/h2>\n\n\n\n<p class=\"wp-block-paragraph\"><\/p>\n\n\n\n<h3 class=\"wp-block-heading has-text-align-center\">El aforo es limitado. Una vez lleno no se podr\u00e1 acceder al local. Al finalizar las conferencias se realizar\u00e1 un turno de preguntas para ampliar o esclarecer los temas desarrollados.<\/h3>\n\n\n\n<p class=\"wp-block-paragraph\"><\/p>\n","protected":false},"excerpt":{"rendered":"<p>\u00abEntre OVNIS, esp\u00edas y fen\u00f3menos extra\u00f1os: Varias d\u00e9cadas en busca de lo ins\u00f3lito\u00bb, por David Cuevas Viernes 2 de octubre a las 19:00h \u00abMuerte y m\u00e1s all\u00e1 en la antigua Grecia\u00bb, por Juan Jos\u00e9 S\u00e1nchez-Oro Viernes 9 de octubre a las 19:00h \u00abCompa\u00f1eros de jornada\u00bb, por Manolita Fern\u00e1ndez Viernes 16 de octubre a las 19:00h&hellip;<\/p>\n","protected":false},"author":1,"featured_media":0,"comment_status":"open","ping_status":"open","sticky":false,"template":"","format":"standard","meta":{"footnotes":""},"categories":[4],"tags":[],"class_list":["post-5575","post","type-post","status-publish","format-standard","hentry","category-conferencias"],"_links":{"self":[{"href":"https:\/\/www.espiritasmadrid.com\/index.php\/wp-json\/wp\/v2\/posts\/5575","targetHints":{"allow":["GET"]}}],"collection":[{"href":"https:\/\/www.espiritasmadrid.com\/index.php\/wp-json\/wp\/v2\/posts"}],"about":[{"href":"https:\/\/www.espiritasmadrid.com\/index.php\/wp-json\/wp\/v2\/types\/post"}],"author":[{"embeddable":true,"href":"https:\/\/www.espiritasmadrid.com\/index.php\/wp-json\/wp\/v2\/users\/1"}],"replies":[{"embeddable":true,"href":"https:\/\/www.espiritasmadrid.com\/index.php\/wp-json\/wp\/v2\/comments?post=5575"}],"version-history":[{"count":1,"href":"https:\/\/www.espiritasmadrid.com\/index.php\/wp-json\/wp\/v2\/posts\/5575\/revisions"}],"predecessor-version":[{"id":5577,"href":"https:\/\/www.espiritasmadrid.com\/index.php\/wp-json\/wp\/v2\/posts\/5575\/revisions\/5577"}],"wp:attachment":[{"href":"https:\/\/www.espiritasmadrid.com\/index.php\/wp-json\/wp\/v2\/media?parent=5575"}],"wp:term":[{"taxonomy":"category","embeddable":true,"href":"https:\/\/www.espiritasmadrid.com\/index.php\/wp-json\/wp\/v2\/categories?post=5575"},{"taxonomy":"post_tag","embeddable":true,"href":"https:\/\/www.espiritasmadrid.com\/index.php\/wp-json\/wp\/v2\/tags?post=5575"}],"curies":[{"name":"wp","href":"https:\/\/api.w.org\/{rel}","templated":true}]}}