{"id":219,"date":"2019-08-10T12:14:48","date_gmt":"2019-08-10T10:14:48","guid":{"rendered":"http:\/\/espiritazz.cluster027.hosting.ovh.net\/?p=219"},"modified":"2019-08-10T12:14:48","modified_gmt":"2019-08-10T10:14:48","slug":"convivir-es-ceder-2","status":"publish","type":"post","link":"https:\/\/www.espiritasmadrid.com\/index.php\/2019\/08\/10\/convivir-es-ceder-2\/","title":{"rendered":"Convivir Es Ceder"},"content":{"rendered":"\n<p><strong><em>\u201cValore la solidaridad. Usted no podr\u00e1 vivir sin los \ndem\u00e1s, aunque en la mayor\u00eda de los casos puedan ellos vivir sin usted\u201d. \n(Andr\u00e9 Luiz \u2013 Esp\u00edritu)<\/em><\/strong><\/p>\n\n\n\n<p>Aquellos que somos observadores apreciamos en las diversas \nsituaciones que atraviesan nuestra vida m\u00faltiples ocasiones que invitan a\n la reflexi\u00f3n.<\/p>\n\n\n\n<p>Hace d\u00edas advert\u00edamos, al viajar en un medio de locomoci\u00f3n de nuestra\n ciudad, c\u00f3mo al llegar al punto de destino las personas se agrupaban en\n la puerta de salida para descender. Al llegar al and\u00e9n de la estaci\u00f3n \nlos individuos que deseaban a su vez penetrar en el vag\u00f3n, lo imped\u00edan \nde tal manera que no era posible hacerse camino, si no era a base de \nempujosnes para poder salir.<\/p>\n\n\n\n<p>Este incidente, que es considerado como habitual, se repite \ncontinuamente dando lugar a roces, enfrentamientos y malos modos de los \nviajeros que se desplazan en los transportes p\u00fablicos de las grandes \nciudades.<\/p>\n\n\n\n<p>Las personas qye viden de espaldas a la convivencia desconocen que \npertenecen a un conjunti arm\u00f3nico donde, apoy\u00e1ndonos los unos a los \notros, todos somos necesarios para nuestra propia evoluci\u00f3n, y marchan \nignorantes por la vida absortos en sus pensamientos sin considerar los \nderechos de los dem\u00e1s.<\/p>\n\n\n\n<p>Fue Gandhi quien se\u00f1al\u00f3: <strong><em>\u201cOJO POR OJO Y EL MUNDO QUEDAR\u00c1 CIEGO\u201d<\/em><\/strong>.<\/p>\n\n\n\n<p>La tolerancia y la paciencia son virtudes que el ser humano debe \ncultivar porque fortalecen la humildad, al tiempo que nos hacen \ncomprender la necesidad de mejoramiento \u00edntimo.<\/p>\n\n\n\n<p>No se trata de ceder a las exigencias caprichosas que nos deparan, \npero s\u00ed de analizar a d\u00f3nde nos conduce nuestra obstinaci\u00f3n y qu\u00e9 \ncaminos se nos abren con nuestra flexibilidad.<\/p>\n\n\n\n<p>Actuando as\u00ed nuestro car\u00e1cter se dulcificar\u00e1 al asimilar el Esp\u00edritu \ncon m\u00e1s facilidad las buenas acciones. Mientras que aquellas otras que \nnuestra conciencia recoge servir\u00e1n para perturbarnos debido a los \nerrores cometidos y a la terquedad de nuestras malas decisiones.<\/p>\n\n\n\n<p>Dif\u00edcil es convivir, esa es la gran prueba que debemos superar entre \nunos y otros. Mientras despertemos a la fraternidad y pensemos \nego\u00edstamente en nosotros, permaneceremos anclados, sin progreso \nespiritual.<\/p>\n\n\n\n<p>Cedamos para recibir y as\u00ed podremos abrir caminos a la tolerancia y al amor, sin ninguna necesidad de ser infelices.<\/p>\n\n\n\n<p>Siempre hay tiempo para restaurar y corregir, comenzar y recomenzar. \nNo se detenga, act\u00fae, mejore, bendiga la vida y ella le har\u00e1 feliz.<\/p>\n\n\n\n<p>Juan Miguel Fern\u00e1ndez Mu\u00f1oz<\/p>\n","protected":false},"excerpt":{"rendered":"<p>\u201cValore la solidaridad. Usted no podr\u00e1 vivir sin los dem\u00e1s, aunque en la mayor\u00eda de los casos puedan ellos vivir sin usted\u201d. (Andr\u00e9 Luiz \u2013 Esp\u00edritu) Aquellos que somos observadores apreciamos en las diversas situaciones que atraviesan nuestra vida m\u00faltiples ocasiones que invitan a la reflexi\u00f3n. Hace d\u00edas advert\u00edamos, al viajar en un medio de&hellip;<\/p>\n","protected":false},"author":1,"featured_media":0,"comment_status":"open","ping_status":"open","sticky":false,"template":"","format":"standard","meta":{"footnotes":""},"categories":[3],"tags":[],"class_list":["post-219","post","type-post","status-publish","format-standard","hentry","category-articulo"],"_links":{"self":[{"href":"https:\/\/www.espiritasmadrid.com\/index.php\/wp-json\/wp\/v2\/posts\/219","targetHints":{"allow":["GET"]}}],"collection":[{"href":"https:\/\/www.espiritasmadrid.com\/index.php\/wp-json\/wp\/v2\/posts"}],"about":[{"href":"https:\/\/www.espiritasmadrid.com\/index.php\/wp-json\/wp\/v2\/types\/post"}],"author":[{"embeddable":true,"href":"https:\/\/www.espiritasmadrid.com\/index.php\/wp-json\/wp\/v2\/users\/1"}],"replies":[{"embeddable":true,"href":"https:\/\/www.espiritasmadrid.com\/index.php\/wp-json\/wp\/v2\/comments?post=219"}],"version-history":[{"count":1,"href":"https:\/\/www.espiritasmadrid.com\/index.php\/wp-json\/wp\/v2\/posts\/219\/revisions"}],"predecessor-version":[{"id":220,"href":"https:\/\/www.espiritasmadrid.com\/index.php\/wp-json\/wp\/v2\/posts\/219\/revisions\/220"}],"wp:attachment":[{"href":"https:\/\/www.espiritasmadrid.com\/index.php\/wp-json\/wp\/v2\/media?parent=219"}],"wp:term":[{"taxonomy":"category","embeddable":true,"href":"https:\/\/www.espiritasmadrid.com\/index.php\/wp-json\/wp\/v2\/categories?post=219"},{"taxonomy":"post_tag","embeddable":true,"href":"https:\/\/www.espiritasmadrid.com\/index.php\/wp-json\/wp\/v2\/tags?post=219"}],"curies":[{"name":"wp","href":"https:\/\/api.w.org\/{rel}","templated":true}]}}