{"id":213,"date":"2019-08-10T12:13:20","date_gmt":"2019-08-10T10:13:20","guid":{"rendered":"http:\/\/espiritazz.cluster027.hosting.ovh.net\/?p=213"},"modified":"2019-08-10T12:14:00","modified_gmt":"2019-08-10T10:14:00","slug":"testigos-de-un-gran-acontecimiento","status":"publish","type":"post","link":"https:\/\/www.espiritasmadrid.com\/index.php\/2019\/08\/10\/testigos-de-un-gran-acontecimiento\/","title":{"rendered":"Testigos De Un Gran Acontecimiento"},"content":{"rendered":"\n<p>Ha transcurrido mucho tiempo desde aquel a\u00f1o de 1.992, pero a\u00fan queda\n el eco para muchos espiritistas del II CONGRESO MUNDIAL DE ESPIRITISMO \ncelebrado en el Palacio de Congresos del Paseo de la Castellana de \nMadrid, los d\u00edas 27, 28 y 29 de noviembre, con la asistencia de \nalrededor de setecientas personas procedentes de diversas partes del \nmundo que llegaron con una gran ilusi\u00f3n a Madrid para compartir su \nideal.<\/p>\n\n\n\n<p>Fue el 3\u00ba Congreso Internacional realizado en nuestro pa\u00eds, habiendo \nsido celebrados los anteriores en Barcelona los a\u00f1os 1.888 y 1.934.<\/p>\n\n\n\n<p>Bajo el lema \u201cESPIRITISMO, certero paradigma para la humanidad\u201d y \norganizado por la Federaci\u00f3n Esp\u00edrita Espa\u00f1ola, se inici\u00f3 el Congreso a \nlas 11 de la ma\u00f1ana del d\u00eda 27 con el discurso inaugural de su \nPresidente Don Rafael Gonz\u00e1lez Molina que dio la bienvenida a la \n\u201cfamilia esp\u00edrita\u201d resaltando este acontecimiento por la trascendencia \nque representaba de cara al futuro la presentaci\u00f3n, despu\u00e9s de tantos \na\u00f1os de silencio p\u00fablico, el exponer y desarrollar temas relacionados \ncon la Doctrina de los Esp\u00edritus, el Espiritismo.<\/p>\n\n\n\n<p>Hermanos de las distintas regiones y autonom\u00edas de Espa\u00f1a: de \nGalicia, Asturias, Castilla-Le\u00f3n, Castilla-La Mancha, Extremadura, de \nlas provincias vascas, de Cantabria, de Navarra y La Rioja, de Catalu\u00f1a,\n Canarias, Baleares, Valencia, Murcia y Andaluc\u00eda trajeron su presencia y\n el recuerdo de los antiguos movimientos esp\u00edritas de comienzo del siglo\n pasado. <\/p>\n\n\n\n<p>Tambi\u00e9n estuvieron presentes los representantes europeos de Alemania,\n Italia, Suiza, Suecia, Inglaterra, Portugal, B\u00e9lgica, Holanda y Francia\n la patria de Allan Kardec y lugar de nacimiento del Espiritismo. Los \nCongresistas procedentes<br>\nde Argentina, EE.UU., Uruguay, Colombia, Guatemala, M\u00e9xico, Puerto Rico y Brasil enriquecieron la uni\u00f3n de este memorable acto.<\/p>\n\n\n\n<p>No solamente est\u00e1bamos presentes aquellos que pod\u00edamos observarnos \ncon nuestros ojos f\u00edsicos, sino todos los esp\u00edritus insignes que \ntrabajaron y a\u00fan trabajan por la propagaci\u00f3n y divulgaci\u00f3n de la \nDoctrina Esp\u00edrita: Amalia Domingo Soler, Miguel Vives y Vives, Jos\u00e9 \nMar\u00eda Fern\u00e1ndez Colavida, el Vizconde Torres Solanot, Quint\u00edn L\u00f3pez \nG\u00f3mez, Tom\u00e1s Aguarod, el Profesor Asmara, entre otros muchos, que junto \ncon Le\u00f3n Denis, Gabriel Delanne, Cesare Lombroso, Richet, Crookes, \nBezerra de Menezes y Humberto de Campos, paladines inquebrantables de la\n uni\u00f3n de los esp\u00edritas y de la unificaci\u00f3n del movimiento, estuvieron \nacompa\u00f1ando a todos los asistentes.<\/p>\n\n\n\n<p>En el discurso inaugural Don Rafael Gonz\u00e1lez Molina destac\u00f3 la \nimportancia que el Espiritismo significa y ha de significar para la \nhumanidad y el papel irrepetible que Allan Kardec desarroll\u00f3 para \nhacernos llegar su mensaje.<\/p>\n\n\n\n<p>En este mismo acto le fue entregada una \u201cplaca conmemorativa\u201d a \nDivaldo P. Franco, siendo designado Presidente de Honor del CME\/92 por \nsu labor de divulgaci\u00f3n, que viajando a lo largo del tiempo y por tantas\n ciudades del mundo lleva su presencia de manera continua a Espa\u00f1a y \nEuropa compartiendo su amplio saber doctrinario.<\/p>\n\n\n\n<p>Rafael Gonz\u00e1lez Molina pronunci\u00f3 las siguientes palabras:<br>\n<em><br>\n\u201cNadie, m\u00e1s y mejor, dedic\u00f3 su tiempo y sus facultades \nesp\u00edritu-oratorias para despertar, en suelo espa\u00f1ol y europeo, el sentir\n doctrinario del Espiritismo.<\/em><\/p>\n\n\n\n<p><em>Nunca, ning\u00fan otro ser, despu\u00e9s de Allan Kardec, mereci\u00f3 \ntanto como Divaldo, por parte de los esp\u00edritas europeos. Es por ello que\n hacemos entrega a \u00e9l en prueba que atestigua todo cuanto estamos \ndiciendo. Divaldo, nuestro querido<br>\nhermano de muchos a\u00f1os, quiz\u00e1 de siglos, recibe nuestra dedicatoria, \nrecibe nuestro abrazo y recibe el fuerte aplauso de todos cuantos vamos a\n asistir a este Acto memorable\u2026 \u00a1Dios te guarde!\u201d.<\/em><\/p>\n\n\n\n<p>Seguidamente Divaldo P. Franco dio paso a su conferencia inaugural desarrollando el lema del Congreso.<\/p>\n\n\n\n<p>La Mesa Directiva del Congreso estuvo compuesta por: Genaro B. \nRabanales de Guatemala, Benjam\u00edn Rodr\u00edguez de EE.UU., Janet Duncan de \nInglaterra, Nestor Masotti de Brasil, Rafael Gonz\u00e1lez Molina de Espa\u00f1a, \nManuel dos Santos de Portugal y Roger P\u00e9rez de Francia.<\/p>\n\n\n\n<p>Benjam\u00edn Rodr\u00edguez y Carlos Campetti actuaron como los presentadores \nde este evento, siendo much\u00edsimos los participantes que durante los tres\n d\u00edas volcaron sus exposiciones en paneles, ponencias especiales, \nconferencias, debates, coloquios relacionados con la Doctrina codificada\n por Allan Kardec y que fueron desarrollados en los auditorios B y sala 6\n bis, destacando Juan Antonio Durante, Ra\u00fal Teixeira, Marlene Rossi, \nSeverino Nobre, Armando V\u00e9lez, Mar\u00eda A. P\u00e9rez, el m\u00e9dium psico-pict\u00f3rico\n Jos\u00e9 Medrado, Ney Prieto P\u00e9rez y Altivo Ferreira.<\/p>\n\n\n\n<p>Tambi\u00e9n participaron Helo\u00edsa Pires, Juvair Borges de Souza, Luiz  Fuchs, Renee Leclaire, Domenico Romagnolo, Weimar Muniz de Oliveira,  Irvenia Santi Prada, Elizabeth Rezende Nicodemos, Antonio Perri de  Carvalho, Carlos Augusto Perandr\u00e9a, Paulo Roberto Pereira da Costa,  Teodoso Laussi Saco, Arist\u00f3n Santana Telez, Durval Ciamponi, C\u00e1io  Atanacios P. Salama, acompa\u00f1ados adem\u00e1s en temas libres por los  espa\u00f1oles: Santiago Gen\u00e9, Pedro Castellanos, Antonio Lled\u00f3 Flor, Juan  Miguel Fern\u00e1ndez, Antonio S\u00e1nchez L\u00f3pez, Amadeo Vila Figueras, Felicidad  M\u00e9zcua, Francisco Mu\u00f1oz Blanqu\u00e9, Jos\u00e9 Manuel Meseguer, Enrique Molina  Jim\u00e9nez y Manuel Robles.<\/p>\n\n\n\n<p>El objetivo fundamental del Congreso fue evidenciar al hombre \n(esp\u00edritu encarnado) la realidad de su existencia eterna e inmortal y \nuna vez demostrada su pervivencia individualizada, la conveniencia de \ndirigir su vida dentro de las leyes \u00e9tico-morales que parten de la \nEspiritualidad Mayor y llegan a nosotros a trav\u00e9s de los amigos \ninmortales.<\/p>\n\n\n\n<p>Los temas tratados fueron de lo m\u00e1s diversos relacion\u00e1ndose siempre con el Espiritismo: <em>\u201cLa hora del ser\u201d<\/em>, <em>\u201cAspectos fundamentales\u201d<\/em>, <em>\u201cEl derecho a la luz del Espiritismo\u201d<\/em>, <em>\u201cDimensi\u00f3n C\u00f3smica del Centro Esp\u00edrita\u201d<\/em>,<em> \u201cAspectos evolutivos filogen\u00e9ticos\u201d<\/em>, <em>\u201cEl problema del ser ante el dolor\u201d<\/em>, <em>\u201c\u00bfEl Espiritismo responde a todas las cuestiones presentadas por la ciencia?\u201d<\/em>, <em>\u201cPesquisas sobre la medi\u00famnidad de Chico Xavier\u201d<\/em>, <em>\u201cPsicograf\u00eda a la luz de la grafoscopia\u201d<\/em>, <em>\u201cTranscomunicaci\u00f3n Instrumental T.C.I.\u201d<\/em>, <em>\u201cMedi\u00famnidad yevidencias de la sobrevivencia del alma\u201d<\/em>, <em>\u201cPasado y gestas; resurgimiento; futuro\u201d<\/em>,<em> \u201cDeuda con el Espiritismo\u201d<\/em>, <em>\u201cLa reencarnaci\u00f3n como base terape\u00fatica\u201d<\/em>, <em>\u201cLa familia como c\u00e9lula activa en el progreso de la sociedad\u201d<\/em>, <em>\u201cUn mundo m\u00e1s feliz para la humanidad\u201d<\/em>, <em>\u201cEl Espiritismo en la actualidad\u201d<\/em>, <em>\u201cReflexiones sobre las bienaventuranzas\u201d<\/em>,<em> \u201cLa filosof\u00eda del trabajo de unificaci\u00f3n\u201d<\/em>, entre otros.<\/p>\n\n\n\n<p>Durante los d\u00edas del Congreso Divaldo P. Franco, Ra\u00fal Teixeira y Jos\u00e9\n Medrado estuvieron firmando aut\u00f3grafos, conversando con los asistentes \nque les solicitaban y concediendo entrevistas para los peri\u00f3dicos y las \nrevistas<br>\nespecializadas que grabaron pr\u00e1cticamente casi todo el Congreso dando referencia posteriormente en sus p\u00e1ginas. <\/p>\n\n\n\n<p>Asimismo las emisoras de radio de la capital estuvieron presentes, \nproporcionando as\u00ed un ambiente festivo en torno al acontecimiento. Tras \nel Acto de clausura, bajo la intervenci\u00f3n del Presidente del Congreso, \nfueron pronunciadas las palabras de despedida por los representantes de \nlas Entidades Internacionales, Delegados y Grupos.<\/p>\n\n\n\n<p>Aportando el broche de oro Divaldo P. Franco que finaliz\u00f3 con una  conferencia conmemorativa que ensalz\u00f3 el \u00e1nimo a cuantos est\u00e1bamos  presentes.<\/p>\n\n\n\n<p>Desear\u00edamos finalizar este importante recuerdo citando el mensaje \nrecibido medi\u00famnicamente la madrugada del 29 de noviembre de 1.992 por \nel m\u00e9dium psic\u00f3grafo, participante al Congreso en representaci\u00f3n de \nArgentina: Juan<br>\nAntonio Durante:<\/p>\n\n\n\n<p><em>\u201c\u00a1Hermanos en Cristo!, \u00a1Hermanos en Ideal!<\/em><\/p>\n\n\n\n<p>La trascendencia de este momento que vivimos en ambos planos de la \nvida, nos llena de gozo, por establecer en la Tierra, los cimientos del \nedificio de vibrante accionar futuro, que establezca entre los hombres \na\u00fan envueltos en la carcasa f\u00edsica la importancia del Espiritismo y \nvelen por \u00e9l, en el plano f\u00edsico. J\u00fabilo que acompa\u00f1amos, puesto que \ndesde nuestro lado ya estaban establecidas las bases necesarias para que\n ello se llevara a cabo.<\/p>\n\n\n\n<p>Esto no nos libera del compromiso por cu\u00e1nto, reci\u00e9n comienza un \naccionar del que no podemos establecer l\u00edmites, porque el mismo se \nregir\u00e1 por las necesidades que se manifiestan con el correr del tiempo y\n las distancias que separan las inquietudes de aquellos que laboren \ndentro de sus filas\u2026<\/p>\n\n\n\n<p>La hora es dif\u00edcil, se establecen par\u00e1metros donde se entrechocan \nh\u00e1bitos y costumbres, necesidades y carencias, obligaciones y derechos \nque no son atendidos. La necesidad de conducir al hombre a las formas \n\u00e9tico-morales que lo induzcan a pensar en la vida inmortalista, obligan a\n un accionar inmediato y positivo, pues ya casi no existe tiempo \nmaterial para poder prepararle para los grandes cambios que se avecinan,\n como impositivo indispensable que acompa\u00f1a al advenimiento del III \nMilenio en donde el hombre dejar\u00e1 de ser el enemigo del hombre y donde \nel sentimiento de amor al pr\u00f3jimo, establecido como normativa por Jes\u00fas,\n ser\u00e1 una realidad incuestionable. Pero hasta all\u00e1, hasta lograr esos \nobjetivos, \u00bfcu\u00e1nto ser\u00e1 necesario realizar? \u00bfCu\u00e1nto camino a recorrer? \n\u00a1Cu\u00e1nta siembra a producir en el campo \u00e1rido del alma humana, tan \nnecesitada de orientaci\u00f3n y educaci\u00f3n espiritual!<\/p>\n\n\n\n<p>Pero no os desanim\u00e9is. El camino a recorrer, reci\u00e9n comienza y no \ntitube\u00e9is, pues no estar\u00e9is solos. A vuestro lado, estaremos siempre \naquellos que, de una forma u otra y en cualquier latitud, nos hemos \ncomprometido a acompa\u00f1aros, en nombre de Aquel que es el Camino, la \nVerdad y la Vida.<\/p>\n\n\n\n<p>Buen \u00e1nimo: El Espiritismo es alegr\u00eda y esperanza y esta es la \noportunidad que nos ofrece la Vida para resarcirnos de los graves \ncompromisos que a\u00fan gravitan en la econom\u00eda de nuestra conciencia.<\/p>\n\n\n\n<p>Es mucho lo por hacer; no ser\u00e1n pocos los renunciamientos a que \nestar\u00e9is sujetos; las l\u00e1grimas a verter ser\u00e1n un lenitivo para el alma \nincomprendida que tendr\u00e1 que luchar en medio de los lobos, pero amigos, \nque felicidad tan grande<br>\nes tener la consciencia de que estamos colaborando en la modificaci\u00f3n de\n la Paz de la Tierra, que nuestro esfuerzo, contribuir\u00e1 a apresurar el \ncambio del planeta, para que pase a ser el de regeneraci\u00f3n, que \nestablecieron las Voces del Cielo y que prometieron al Maestro Kardec \ncomo reza en la Codificaci\u00f3n. Conque, prosigamos, sin cansancios, ni \ndeservicios. La hora de nuestro accionar ha sonado y no podemos perder \nla oportunidad valiosa que se nos<br>\nofrece.<\/p>\n\n\n\n<p>Con la seguridad que tenemos de que \u201ctodo trabajador es merecedor de \nsu salario\u201d, rogamos al Se\u00f1or de la Vida, que les pague con monedas de \nLuz y de Paz, el esfuerzo demandado.<\/p>\n\n\n\n<p><em>Fraternalmente: Amalia Domingo Soler, Bezerra de Menezes, \nFern\u00e1ndez Colavida,Cosme Mari\u00f1o y otros esp\u00edritus esp\u00edritas \ncomprometidos con el Se\u00f1or Jes\u00fas\u201d.<\/em><\/p>\n","protected":false},"excerpt":{"rendered":"<p>Ha transcurrido mucho tiempo desde aquel a\u00f1o de 1.992, pero a\u00fan queda el eco para muchos espiritistas del II CONGRESO MUNDIAL DE ESPIRITISMO celebrado en el Palacio de Congresos del Paseo de la Castellana de Madrid, los d\u00edas 27, 28 y 29 de noviembre, con la asistencia de alrededor de setecientas personas procedentes de diversas&hellip;<\/p>\n","protected":false},"author":1,"featured_media":0,"comment_status":"open","ping_status":"open","sticky":false,"template":"","format":"standard","meta":{"footnotes":""},"categories":[3],"tags":[],"class_list":["post-213","post","type-post","status-publish","format-standard","hentry","category-articulo"],"_links":{"self":[{"href":"https:\/\/www.espiritasmadrid.com\/index.php\/wp-json\/wp\/v2\/posts\/213","targetHints":{"allow":["GET"]}}],"collection":[{"href":"https:\/\/www.espiritasmadrid.com\/index.php\/wp-json\/wp\/v2\/posts"}],"about":[{"href":"https:\/\/www.espiritasmadrid.com\/index.php\/wp-json\/wp\/v2\/types\/post"}],"author":[{"embeddable":true,"href":"https:\/\/www.espiritasmadrid.com\/index.php\/wp-json\/wp\/v2\/users\/1"}],"replies":[{"embeddable":true,"href":"https:\/\/www.espiritasmadrid.com\/index.php\/wp-json\/wp\/v2\/comments?post=213"}],"version-history":[{"count":1,"href":"https:\/\/www.espiritasmadrid.com\/index.php\/wp-json\/wp\/v2\/posts\/213\/revisions"}],"predecessor-version":[{"id":214,"href":"https:\/\/www.espiritasmadrid.com\/index.php\/wp-json\/wp\/v2\/posts\/213\/revisions\/214"}],"wp:attachment":[{"href":"https:\/\/www.espiritasmadrid.com\/index.php\/wp-json\/wp\/v2\/media?parent=213"}],"wp:term":[{"taxonomy":"category","embeddable":true,"href":"https:\/\/www.espiritasmadrid.com\/index.php\/wp-json\/wp\/v2\/categories?post=213"},{"taxonomy":"post_tag","embeddable":true,"href":"https:\/\/www.espiritasmadrid.com\/index.php\/wp-json\/wp\/v2\/tags?post=213"}],"curies":[{"name":"wp","href":"https:\/\/api.w.org\/{rel}","templated":true}]}}