{"id":207,"date":"2019-08-09T17:44:13","date_gmt":"2019-08-09T15:44:13","guid":{"rendered":"http:\/\/espiritazz.cluster027.hosting.ovh.net\/?p=207"},"modified":"2019-08-09T17:44:13","modified_gmt":"2019-08-09T15:44:13","slug":"para-cuando-2","status":"publish","type":"post","link":"https:\/\/www.espiritasmadrid.com\/index.php\/2019\/08\/09\/para-cuando-2\/","title":{"rendered":"\u00bfPara Cu\u00e1ndo?"},"content":{"rendered":"\n<p>Hace ya algunos a\u00f1os escuch\u00e1bamos una historia que deseamos relatar, \npuesto que nos era muy peculiar por la reiteraci\u00f3n a la que se presta el\n comportamiento de muchos llamados por s\u00ed mismos \u201cespiritistas\u201d a lo \nlargo de sus vidas.<\/p>\n\n\n\n<p>Nos comentaban c\u00f3mo el personaje de esta narraci\u00f3n, al que llamaremos\n Alberto, fue aplazando, a pesar de su buena intenci\u00f3n, su incorporaci\u00f3n\n a las tareas que la Doctrina Esp\u00edrita ofrece a todos aquellos que \ndesean colaborar en su divulgaci\u00f3n.<\/p>\n\n\n\n<p>\u00c9l se hab\u00eda entusiasmado con el \u201cdescubrimiento\u201d y deseaba hacer todo\n lo posible para hacerla llegar a sus familiares y amigos, con el fin de\n que experimentasen la paz interior que a \u00e9l le hab\u00eda proporcionado. Sin\n embargo su participaci\u00f3n segu\u00eda siendo muy escasa a la hora de \ncompartir el trabajo con el Grupo Esp\u00edrita al que estaba afiliado.<\/p>\n\n\n\n<p>Ya en tiempos de su madurez, Alberto, argumentaba a los compa\u00f1eros \ndel Centro que se encontraba absorbido por el trabajo laboral. En su \nempresa precisaban de gente dedicada por entero a su profesi\u00f3n y gracias\n a su esfuerzo y dedicaci\u00f3n ten\u00eda muchas posibilidades de ascender de \ncategor\u00eda dentro de la entidad.<\/p>\n\n\n\n<p>Efectivamente tras unos a\u00f1os, en los cuales hab\u00eda ido postergando su \nesperada incorporaci\u00f3n al grupo de trabajo del Centro Esp\u00edrita, por el \nque \u00e9l simpatizaba en su ciudad, fue ascendido a gerente.<\/p>\n\n\n\n<p>Iba transcurriendo el tiempo y la atenci\u00f3n a la empresa, debido a su \nelevado cargo, le ocupaba pr\u00e1cticamente todas las horas del d\u00eda.<\/p>\n\n\n\n<p>Muy de tarde en tarde, visitaba las reuniones medi\u00famnicas y promet\u00eda \nque en fecha muy pr\u00f3xima, cuando se jubilase, ser\u00eda el momento m\u00e1s \nadecuado para participar de manera m\u00e1s continuada. <\/p>\n\n\n\n<p>Y lleg\u00f3 el esperado momento de la jubilaci\u00f3n anticipada que \u00e9l \nesperaba. En su empresa quer\u00edan personal m\u00e1s joven, aires nuevos que \noxigenase el entorno empresarial y \u00e9l llevaba ya muchos a\u00f1os en su \ndirecci\u00f3n.<\/p>\n\n\n\n<p>Sin embargo, \u00a1qu\u00e9 felicidad! Felicidad, porque ahora podr\u00eda por fin \ngozar de la vida a la que no hab\u00eda tenido acceso por su agotador \ntrabajo. Hab\u00eda pasado por ella sin haber saboreado las cosas bellas del \nesp\u00edritu. Ser\u00eda este el momento, a\u00fan ten\u00eda muchas ilusiones y ganas de \nvivir.<\/p>\n\n\n\n<p>Y en las cosas bellas de la vida que \u00e9l hab\u00eda proyectado, surgi\u00f3, con\n todo el cari\u00f1o, la dedicaci\u00f3n del tiempo a cuidar de sus nietos, fieles\n reflejos de sus hijos, de cuya compa\u00f1\u00eda y amor no hab\u00eda podido \ndisfrutar antes.<\/p>\n\n\n\n<p>Pasaron tan solo unos meses y un d\u00eda lleg\u00f3 la noticia; Alberto hab\u00eda \ncumplido su tiempo en la Tierra. Hab\u00eda desencarnado y nunca, por un \nmotivo u otro, se hab\u00eda incorporado a las tareas del Grupo Esp\u00edrita de \nsu ciudad.<\/p>\n\n\n\n<p>Transcurri\u00f3 un tiempo y un buen d\u00eda Alberto fue invocado en una \nreuni\u00f3n medi\u00famnica realizada por sus antiguos compa\u00f1eros. Y Alberto, \ngracias al Plano Superior, se manifest\u00f3. Ahora se encontraba ligado, \nimantado espiritualmente a su familia f\u00edsica y cuidaba de ella. <\/p>\n\n\n\n<p>Inconscientemente a pesar del conocimiento que se supon\u00eda deb\u00eda \ntener, estaba retrasando as\u00ed su evoluci\u00f3n hacia esferas m\u00e1s sutiles, \nalejadas de este material mundo. A trav\u00e9s de di\u00e1logo, surgido en la \nadoctrinaci\u00f3n, se le hizo ver la necesidad de comenzar a realizar algo \nm\u00e1s positivo para su Esp\u00edritu. Fue muy laborioso hacerle comprender, por\n su insistencia, el perjuicio que \u00e9l mismo estaba cre\u00e1ndose.<\/p>\n\n\n\n<p>Gracias a la ayuda de sus compa\u00f1eros espiritistas y los Esp\u00edritus \nMentores, Alberto por fin, comprendi\u00f3 que no deb\u00eda permanecer m\u00e1s tiempo\n de momento junto a su familia f\u00edsica y emprendi\u00f3 el camino hacia su \nnueva vida.<\/p>\n\n\n\n<p>No deseamos reprochar a Alberto su comportamiento, puesto que hemos \nde respetar el \u201clibre albedr\u00edo\u201d que Dios concede a todos sus hijos. Tan \nsolo pretendemos despertar las mentes dormidas de aquellos que todav\u00eda \nno vivieron la realidad de su Esp\u00edritu y con ello se retrasan, aqu\u00ed y \nall\u00e1, en el camino evolutivo hac\u00eda el Padre.<\/p>\n\n\n\n<p>Juan Miguel Fern\u00e1ndez Mu\u00f1oz<\/p>\n","protected":false},"excerpt":{"rendered":"<p>Hace ya algunos a\u00f1os escuch\u00e1bamos una historia que deseamos relatar, puesto que nos era muy peculiar por la reiteraci\u00f3n a la que se presta el comportamiento de muchos llamados por s\u00ed mismos \u201cespiritistas\u201d a lo largo de sus vidas. Nos comentaban c\u00f3mo el personaje de esta narraci\u00f3n, al que llamaremos Alberto, fue aplazando, a pesar&hellip;<\/p>\n","protected":false},"author":1,"featured_media":0,"comment_status":"open","ping_status":"open","sticky":false,"template":"","format":"standard","meta":{"footnotes":""},"categories":[3],"tags":[],"class_list":["post-207","post","type-post","status-publish","format-standard","hentry","category-articulo"],"_links":{"self":[{"href":"https:\/\/www.espiritasmadrid.com\/index.php\/wp-json\/wp\/v2\/posts\/207","targetHints":{"allow":["GET"]}}],"collection":[{"href":"https:\/\/www.espiritasmadrid.com\/index.php\/wp-json\/wp\/v2\/posts"}],"about":[{"href":"https:\/\/www.espiritasmadrid.com\/index.php\/wp-json\/wp\/v2\/types\/post"}],"author":[{"embeddable":true,"href":"https:\/\/www.espiritasmadrid.com\/index.php\/wp-json\/wp\/v2\/users\/1"}],"replies":[{"embeddable":true,"href":"https:\/\/www.espiritasmadrid.com\/index.php\/wp-json\/wp\/v2\/comments?post=207"}],"version-history":[{"count":1,"href":"https:\/\/www.espiritasmadrid.com\/index.php\/wp-json\/wp\/v2\/posts\/207\/revisions"}],"predecessor-version":[{"id":208,"href":"https:\/\/www.espiritasmadrid.com\/index.php\/wp-json\/wp\/v2\/posts\/207\/revisions\/208"}],"wp:attachment":[{"href":"https:\/\/www.espiritasmadrid.com\/index.php\/wp-json\/wp\/v2\/media?parent=207"}],"wp:term":[{"taxonomy":"category","embeddable":true,"href":"https:\/\/www.espiritasmadrid.com\/index.php\/wp-json\/wp\/v2\/categories?post=207"},{"taxonomy":"post_tag","embeddable":true,"href":"https:\/\/www.espiritasmadrid.com\/index.php\/wp-json\/wp\/v2\/tags?post=207"}],"curies":[{"name":"wp","href":"https:\/\/api.w.org\/{rel}","templated":true}]}}