{"id":203,"date":"2019-08-09T17:43:28","date_gmt":"2019-08-09T15:43:28","guid":{"rendered":"http:\/\/espiritazz.cluster027.hosting.ovh.net\/?p=203"},"modified":"2019-08-09T17:43:28","modified_gmt":"2019-08-09T15:43:28","slug":"comencemosya","status":"publish","type":"post","link":"https:\/\/www.espiritasmadrid.com\/index.php\/2019\/08\/09\/comencemosya\/","title":{"rendered":"\u00a1Comencemos\u2026Ya!"},"content":{"rendered":"\n<p>Es frecuente que entre los espiritistas comentemos el problema de \ncomunicaci\u00f3n que existe cuando nos relacionamos con otras personas a las\n que nos unimos con la intenci\u00f3n de transmitirles el conocimiento de la \nDoctrina Esp\u00edrita.<\/p>\n\n\n\n<p>El rechazo que sufrimos, o la falta de inter\u00e9s es latente, y a veces \nno comprendemos porqu\u00e9 no somos escuchados con m\u00e1s atenci\u00f3n. Aunque en \nalguna que otra oportunidad lleguemos a conseguir el prop\u00f3sito.<\/p>\n\n\n\n<p>Analizando detenidamente este marcado inconveniente quizas podamos \nllegar a descifrear este enigma al que, en repetidas ocasiones nos \nenfrentamos y que en otras llega a atenazarnos la mente.<\/p>\n\n\n\n<p>Interpretando la oraci\u00f3n por pasiva, es decir, situ\u00e1ndonos en el \nmismo lugar que nuestros interlocutores, podr\u00edamos apreciar tal vez que,\n cuando nos dirigimos a ellos, no damos a nuestras palabras la sensaci\u00f3n\n de fiabilidad que estas necesitan a traves del ejemplo, pues al ser \nobservados pueden pensar <em>\u201c\u00bfC\u00f3mo esta persona puede hablarme de amor, caridad, comprensi\u00f3n y tolerancia, si en su comportamiento carece de ello?\u201d<\/em>.<\/p>\n\n\n\n<p>Es por ello que sugerimos hacer una autocr\u00edtica, ahora que todav\u00eda \nestamos a tiempo, para verificar si no somos parte interesada de esta \nsituaci\u00f3n de la que nos quejamos. As\u00ed tendr\u00edamos una clara demostraci\u00f3n \ndel axioma \u201ccausa \u2013 efecto\u201d.<\/p>\n\n\n\n<p>Estamos convencidos que los seminarios, coloquios, cursos, \nconferencias y sesiones de trabajo a las que hemos asistido a lo largo \nde los a\u00f1os, respaldados por los los libros le\u00eddos y estudiados, nos han\n esclarecido, d\u00e1ndonos un saber muy amplio de todo aquello que el Mundo \nMayor nos recomienda para nuestro mejoramiento espiritual.<\/p>\n\n\n\n<p>Efectivamente, una inmensa mayor\u00eda de los que frecuentamos una casa \nesp\u00edrita y \u201cconocemos\u201d el Espiritismo, dominamos perfectamente la \nteor\u00eda, pero vamos demorando la aplicaci\u00f3n de su pr\u00e1ctica, esa \nasignatura pendiente, al igual que los que tienen la intenci\u00f3n de \nsometerse a una dieta de adelgazamiento y sistem\u00e1ticamente la aplazan <em>\u201cpara el pr\u00f3ximo mes\u201d<\/em>; mes que nunca llega. Eso s\u00ed, la intenci\u00f3n es francamente buena.<\/p>\n\n\n\n<p>Al sentirnos fascinados deseamos adaptar la teor\u00eda adquirida, que a \ntodos nos parece maravillosa y necesaria para nuestra evoluci\u00f3n, pero es\n tan duro y sacrificado dejar las costumbres cotidianas para mejorarnos \n\u00edntimamente que nuestro egoismo nos exige tambi\u00e9n aplazarlo <em>\u201cpara el pr\u00f3ximo mes o para la pr\u00f3xima encarnaci\u00f3n\u201d<\/em>.<\/p>\n\n\n\n<p>Que la senda a seguir sea la acertada depender\u00e1 exclusivamente de \nnuestro libre albedr\u00edo. Pero para ello debemos esforzarnos y trabajar. \nTrabajar pensando en los dem\u00e1s, como nos han ense\u00f1ado, ya que \nrepercutir\u00e1 fundamentalmente en nosotros mismos, al ser los primeros en \niluminarnos. La luz que desde dentro irradiar\u00e1, har\u00e1 resplandecer e\u00f1 \nentorno facilit\u00e1ndonos el caminar que debe ser ascendente.<\/p>\n\n\n\n<p>Por lo tanto, si deseamos que las dem\u00e1s personas nos escuchen y presten atenci\u00f3n, no dejemos hermanos <em>\u201cpara el pr\u00f3ximo mes\u201d<\/em>, el poner en pr\u00e1ctica las ense\u00f1anzas de la doctrina de los Esp\u00edritus.<\/p>\n\n\n\n<p>\u00a1Comencemos\u2026ya!<\/p>\n\n\n\n<p>Juan Miguel Fern\u00e1ndez Mu\u00f1oz <\/p>\n","protected":false},"excerpt":{"rendered":"<p>Es frecuente que entre los espiritistas comentemos el problema de comunicaci\u00f3n que existe cuando nos relacionamos con otras personas a las que nos unimos con la intenci\u00f3n de transmitirles el conocimiento de la Doctrina Esp\u00edrita. El rechazo que sufrimos, o la falta de inter\u00e9s es latente, y a veces no comprendemos porqu\u00e9 no somos escuchados&hellip;<\/p>\n","protected":false},"author":1,"featured_media":0,"comment_status":"open","ping_status":"open","sticky":false,"template":"","format":"standard","meta":{"footnotes":""},"categories":[3],"tags":[],"class_list":["post-203","post","type-post","status-publish","format-standard","hentry","category-articulo"],"_links":{"self":[{"href":"https:\/\/www.espiritasmadrid.com\/index.php\/wp-json\/wp\/v2\/posts\/203","targetHints":{"allow":["GET"]}}],"collection":[{"href":"https:\/\/www.espiritasmadrid.com\/index.php\/wp-json\/wp\/v2\/posts"}],"about":[{"href":"https:\/\/www.espiritasmadrid.com\/index.php\/wp-json\/wp\/v2\/types\/post"}],"author":[{"embeddable":true,"href":"https:\/\/www.espiritasmadrid.com\/index.php\/wp-json\/wp\/v2\/users\/1"}],"replies":[{"embeddable":true,"href":"https:\/\/www.espiritasmadrid.com\/index.php\/wp-json\/wp\/v2\/comments?post=203"}],"version-history":[{"count":1,"href":"https:\/\/www.espiritasmadrid.com\/index.php\/wp-json\/wp\/v2\/posts\/203\/revisions"}],"predecessor-version":[{"id":204,"href":"https:\/\/www.espiritasmadrid.com\/index.php\/wp-json\/wp\/v2\/posts\/203\/revisions\/204"}],"wp:attachment":[{"href":"https:\/\/www.espiritasmadrid.com\/index.php\/wp-json\/wp\/v2\/media?parent=203"}],"wp:term":[{"taxonomy":"category","embeddable":true,"href":"https:\/\/www.espiritasmadrid.com\/index.php\/wp-json\/wp\/v2\/categories?post=203"},{"taxonomy":"post_tag","embeddable":true,"href":"https:\/\/www.espiritasmadrid.com\/index.php\/wp-json\/wp\/v2\/tags?post=203"}],"curies":[{"name":"wp","href":"https:\/\/api.w.org\/{rel}","templated":true}]}}