{"id":201,"date":"2019-08-09T17:43:07","date_gmt":"2019-08-09T15:43:07","guid":{"rendered":"http:\/\/espiritazz.cluster027.hosting.ovh.net\/?p=201"},"modified":"2019-08-09T17:43:07","modified_gmt":"2019-08-09T15:43:07","slug":"sonar-es-vivir-2","status":"publish","type":"post","link":"https:\/\/www.espiritasmadrid.com\/index.php\/2019\/08\/09\/sonar-es-vivir-2\/","title":{"rendered":"So\u00f1ar es vivir"},"content":{"rendered":"\n<p>Todos los hombres sue\u00f1an a\u00fan cuando no se acuerden en el momento de despertar y recobrar la lucidez mental.<\/p>\n\n\n\n<p>Entre las concesiones que la Divinidad otroga al Esp\u00edritu encarnado \nen la tierra, destaca el sue\u00f1o reparador fisiol\u00f3gico y los sue\u00f1os, que \nconstituyen una eficiente acci\u00f3n en los engranajes de la maquinaria \nf\u00edsica y ps\u00edquica. Es la consecuencia natural de la Ley del Trabajo, \nmediante la cual el Esp\u00edritu, como el cuerpo, se nutre de lo \nndispensable para la preservaci\u00f3n de la vida conforme a los patrones de \nla naturaleza, que hace de ello una necesidad, ya que cuando alcanza el \nl\u00edmite de las fuerzas le impone un descanso que se convierte en un \nderecho universal.<\/p>\n\n\n\n<p>Gracias a la disminuci\u00f3n de la actividad org\u00e1nica, el sue\u00f1o se \nmanifiesta como uno de los m\u00e1s \u00fatiles reconstituyentes. Simult\u00e1neamente,\n faculta a los centros de la conciencia y a los dep\u00f3sitos de la memoria \nuna pausa para que se reorganicen los n\u00facleos que recogen los datos \naccionados durante la vigilia.<\/p>\n\n\n\n<p>Las piezas de la maquinaria f\u00edsica se reajustan entonces, y se \nestablece un cambio de energias y factores en el mantenimiento del \ncuerpo f\u00edsico, por medio del cual el alma se educa y crece en el \ncumplimiento de las funciones que debe desempe\u00f1ar.<\/p>\n\n\n\n<p>Sin embargo, en este estado, como el Esp\u00edritu nunca permanece \ninactivo, recobra el control de las potencialidades. Se aflojan los \nlazos que le unen a la envoltura corporal, se desprende y, atra\u00eddo por \nlas poderosas corrientes que lo enlazan a las vibraciones que cultiva, \nes llevado en el astral a los lugares donde se complace en permancer, \npudiendo, a veces, no solamente recordar el pasado con su grado de mayor\n o menor evoluci\u00f3n, sino penetrar en los arcanos de su futuro gracias a \nlas percepciones que se le acent\u00faan con intensas claridades, \nconsiguiendo ciertamente que muchas almas puedan introducirse en la \ninformaci\u00f3n de los acontecimientos importantes reafirm\u00e1ndose \nposteriormente.<\/p>\n\n\n\n<p>Adem\u00e1s, en los desprendimientos naturales y parciales facultados por \nel sue\u00f1o, el ser reencarnado se comunica m\u00e1s f\u00e1cilmente con los \nEsp\u00edritus recibiendo instrucciones y directrices que lo ayudan en la \nescala evolutiva, as\u00ed como reencuentra a los seres que ama o rechaza. \nDurante el sue\u00f1o, el Esp\u00edritu busca adem\u00e1s los afectos o desafectos del \ncamino para ajustar sus propias cuentas.<\/p>\n\n\n\n<p>En ese tiempo domina la vida espiritual, mientras que en la vivencia \nde la acci\u00f3n corporal se invierten los valores. Normalmente ocurre \ntambi\u00e9n que a la visi\u00f3n captada en el estado de desprendimiento del \nalma, se suman las im\u00e1genes archivadas en la memoria produci\u00e9ndose, al \nregresar al cuerpo, confusi\u00f3n y desorden sin l\u00f3gica algna.<\/p>\n\n\n\n<p>Una met\u00f3dica disciplina mental puede lograr resultados muy positivos \nimpidiendo que las cosas diarias interfieran en los paisajes penetrados \ndurante el periodo de los sue\u00f1os. De ah\u00ed que los meramente fisiol\u00f3gicos,\n en los cuales la dominaci\u00f3n de ideas y hechos archivados en el \ninconsciente aparecen m\u00e1s f\u00edrmemente, llegan a la conciencia en estados \nalucinatorios alcanzando y perturbando al Esp\u00edritu.<\/p>\n\n\n\n<p>Siendo predominante la vida espiritual, por ser preexistente y \nsobrevivir al cuerpo f\u00edsico, es al hombre al que le corresponde pensar y\n actuar como si cada momento de su vida fuese a ser el \u00faltimo instante \nque mereciese ser aprovechado con sabidur\u00eda, a fin de que, en la \nemancipaci\u00f3n del alma por medio del sue\u00f1o pueda gozar anticipadamente \ndel estado en que se encontrar\u00e1 cuando se libere definitivamente del \nenvoltorio carnal bajo el impositivo de la mente f\u00edsica.<\/p>\n\n\n\n<p>Juan Miguel Fern\u00e1ndez Mu\u00f1oz<\/p>\n","protected":false},"excerpt":{"rendered":"<p>Todos los hombres sue\u00f1an a\u00fan cuando no se acuerden en el momento de despertar y recobrar la lucidez mental. Entre las concesiones que la Divinidad otroga al Esp\u00edritu encarnado en la tierra, destaca el sue\u00f1o reparador fisiol\u00f3gico y los sue\u00f1os, que constituyen una eficiente acci\u00f3n en los engranajes de la maquinaria f\u00edsica y ps\u00edquica. Es&hellip;<\/p>\n","protected":false},"author":1,"featured_media":0,"comment_status":"open","ping_status":"open","sticky":false,"template":"","format":"standard","meta":{"footnotes":""},"categories":[3],"tags":[],"class_list":["post-201","post","type-post","status-publish","format-standard","hentry","category-articulo"],"_links":{"self":[{"href":"https:\/\/www.espiritasmadrid.com\/index.php\/wp-json\/wp\/v2\/posts\/201","targetHints":{"allow":["GET"]}}],"collection":[{"href":"https:\/\/www.espiritasmadrid.com\/index.php\/wp-json\/wp\/v2\/posts"}],"about":[{"href":"https:\/\/www.espiritasmadrid.com\/index.php\/wp-json\/wp\/v2\/types\/post"}],"author":[{"embeddable":true,"href":"https:\/\/www.espiritasmadrid.com\/index.php\/wp-json\/wp\/v2\/users\/1"}],"replies":[{"embeddable":true,"href":"https:\/\/www.espiritasmadrid.com\/index.php\/wp-json\/wp\/v2\/comments?post=201"}],"version-history":[{"count":1,"href":"https:\/\/www.espiritasmadrid.com\/index.php\/wp-json\/wp\/v2\/posts\/201\/revisions"}],"predecessor-version":[{"id":202,"href":"https:\/\/www.espiritasmadrid.com\/index.php\/wp-json\/wp\/v2\/posts\/201\/revisions\/202"}],"wp:attachment":[{"href":"https:\/\/www.espiritasmadrid.com\/index.php\/wp-json\/wp\/v2\/media?parent=201"}],"wp:term":[{"taxonomy":"category","embeddable":true,"href":"https:\/\/www.espiritasmadrid.com\/index.php\/wp-json\/wp\/v2\/categories?post=201"},{"taxonomy":"post_tag","embeddable":true,"href":"https:\/\/www.espiritasmadrid.com\/index.php\/wp-json\/wp\/v2\/tags?post=201"}],"curies":[{"name":"wp","href":"https:\/\/api.w.org\/{rel}","templated":true}]}}