{"id":1873,"date":"2026-01-22T18:39:10","date_gmt":"2026-01-22T17:39:10","guid":{"rendered":"https:\/\/www.espiritasmadrid.com\/?p=1873"},"modified":"2026-01-22T18:39:15","modified_gmt":"2026-01-22T17:39:15","slug":"contactos-tecnologicos-con-el-mas-alla","status":"publish","type":"post","link":"https:\/\/www.espiritasmadrid.com\/index.php\/2026\/01\/22\/contactos-tecnologicos-con-el-mas-alla\/","title":{"rendered":"Contactos tecnol\u00f3gicos con el m\u00e1s all\u00e1"},"content":{"rendered":"\n<h2 class=\"wp-block-heading\" style=\"font-size:28px\">Conferencia de Carlos Fern\u00e1ndez en la Asociaci\u00f3n de Estudios Esp\u00edritas de Madrid.<\/h2>\n\n\n\n<figure class=\"wp-block-embed is-type-video is-provider-youtube wp-block-embed-youtube wp-embed-aspect-16-9 wp-has-aspect-ratio\"><div class=\"wp-block-embed__wrapper\">\n<iframe loading=\"lazy\" title=\"CONTACTOS TECNOL\u00d3GICOS CON EL M\u00c1S ALL\u00c1 - Carlos Fern\u00e1ndez\" width=\"1170\" height=\"658\" src=\"https:\/\/www.youtube.com\/embed\/qOiPLSOGFGE?feature=oembed\" frameborder=\"0\" allow=\"accelerometer; autoplay; clipboard-write; encrypted-media; gyroscope; picture-in-picture; web-share\" referrerpolicy=\"strict-origin-when-cross-origin\" allowfullscreen><\/iframe>\n<\/div><\/figure>\n","protected":false},"excerpt":{"rendered":"<p>Conferencia de Carlos Fern\u00e1ndez en la Asociaci\u00f3n de Estudios Esp\u00edritas de Madrid.<\/p>\n","protected":false},"author":1,"featured_media":0,"comment_status":"open","ping_status":"open","sticky":false,"template":"","format":"standard","meta":{"footnotes":""},"categories":[4],"tags":[],"class_list":["post-1873","post","type-post","status-publish","format-standard","hentry","category-conferencias"],"_links":{"self":[{"href":"https:\/\/www.espiritasmadrid.com\/index.php\/wp-json\/wp\/v2\/posts\/1873","targetHints":{"allow":["GET"]}}],"collection":[{"href":"https:\/\/www.espiritasmadrid.com\/index.php\/wp-json\/wp\/v2\/posts"}],"about":[{"href":"https:\/\/www.espiritasmadrid.com\/index.php\/wp-json\/wp\/v2\/types\/post"}],"author":[{"embeddable":true,"href":"https:\/\/www.espiritasmadrid.com\/index.php\/wp-json\/wp\/v2\/users\/1"}],"replies":[{"embeddable":true,"href":"https:\/\/www.espiritasmadrid.com\/index.php\/wp-json\/wp\/v2\/comments?post=1873"}],"version-history":[{"count":1,"href":"https:\/\/www.espiritasmadrid.com\/index.php\/wp-json\/wp\/v2\/posts\/1873\/revisions"}],"predecessor-version":[{"id":1874,"href":"https:\/\/www.espiritasmadrid.com\/index.php\/wp-json\/wp\/v2\/posts\/1873\/revisions\/1874"}],"wp:attachment":[{"href":"https:\/\/www.espiritasmadrid.com\/index.php\/wp-json\/wp\/v2\/media?parent=1873"}],"wp:term":[{"taxonomy":"category","embeddable":true,"href":"https:\/\/www.espiritasmadrid.com\/index.php\/wp-json\/wp\/v2\/categories?post=1873"},{"taxonomy":"post_tag","embeddable":true,"href":"https:\/\/www.espiritasmadrid.com\/index.php\/wp-json\/wp\/v2\/tags?post=1873"}],"curies":[{"name":"wp","href":"https:\/\/api.w.org\/{rel}","templated":true}]}}