{"id":173,"date":"2019-08-09T17:34:44","date_gmt":"2019-08-09T15:34:44","guid":{"rendered":"http:\/\/espiritazz.cluster027.hosting.ovh.net\/?p=173"},"modified":"2019-08-09T17:34:44","modified_gmt":"2019-08-09T15:34:44","slug":"que-conoce-de-la-doctrina-de-los-espiritus","status":"publish","type":"post","link":"https:\/\/www.espiritasmadrid.com\/index.php\/2019\/08\/09\/que-conoce-de-la-doctrina-de-los-espiritus\/","title":{"rendered":"\u00bfQu\u00e9 conoce de la Doctrina de los Esp\u00edritus?"},"content":{"rendered":"\n<p>Estamos asistiendo  \u00faltimamente, a trav\u00e9s de la televisi\u00f3n, a \nprogramas de debate que dicen tener relaci\u00f3n con los temas del esp\u00edritu y\n que no son m\u00e1s que enfrentamientos y disputas groseras que generan, a \nsu vez, una gran confusi\u00f3n a todos aquellos que contemplamos  at\u00f3nitos \nestos \u201cespect\u00e1culos\u201d.<\/p>\n\n\n\n<p>El t\u00edtulo de este art\u00edculo servir\u00e1 para manifestar y aportar un poco \nde luz a muchos de los asuntos que cuestionamoss por falta de \ninformaci\u00f3n.<\/p>\n\n\n\n<p>Hemos escuchado y le\u00eddo en infinidad de ocasiones, divulgado por los \nmedios de comunicaci\u00f3n, que \u201crealizando o practicando espiritismo\u201d se \nhan desencadenado situaciones lamentables.<\/p>\n\n\n\n<p>Deseamos aclarar de forma generalizada que cuando en este aspecto nos\n hablan de \u201creuniones espiritistas\u201d est\u00e1n refiri\u00e9ndose a \u201creuniones \nmedi\u00famnicas\u201d. El Espiritismo es una ciencia que trata de la naturaleza, \nel origen y el destino de los Esp\u00edritus, as\u00ed como de sus relaciones con \nel mundo corporal.<\/p>\n\n\n\n<p>Desde que el ser humano camino sobre este planeta los esp\u00edritus se \nhan comunicado con \u00e9l, por ser la mediumnidad una facultad org\u00e1nica de \ncar\u00e1cter espiritual innanta en cada uno de nosotros.<\/p>\n\n\n\n<p>Ahora bien, el Espiritismo, neologismo creado en 1.857 por Allan \nKardec, codificador de la Doctrina Esp\u00edrita, para diferenciarla del \nespiritualismo, explica y ordena esta faciltad educ\u00e1ndola y \nencamin\u00e1ndola de tal forma que no sea un inconveniente en nuestras \nvidas.<\/p>\n\n\n\n<p>El Espiritismo revebla conceptos nuevos y m\u00e1s profundos con respecto a\n Dios, el Universo, el Hombre, los Esp\u00edritus y las leyes que rigen la \nvida.<\/p>\n\n\n\n<p>Revela adem\u00e1s lo que somos, de d\u00f3nde venimos, hacia d\u00f3nde vamos, cu\u00e1l\n es el objetivo de nuestra existencia y cu\u00e1l es la raz\u00f3n del dolor y del\n sufrimiento.<\/p>\n\n\n\n<p>Trayendo conceptos nuevos acerca del hombre y todo lo que le rodea, \nel Espiritismo abarca todas las \u00e1reas de conocimiento, de las \nactividades y del comportamiento humano, abriendo una nueva era para la \nregeneraci\u00f3n de la Humanidad. Puede y debe ser estudiado, actualizado y \npracticado en todos los aspectos fundamentales de la vida, tales como el\n cient\u00edfico, filos\u00f3fico, moral, educacional y social, desarrollando sus \nprincipios fundamentales:<\/p>\n\n\n\n<p><strong>La creencia en Dios<\/strong>, inteligencia suprema, causa primera de todas las cosas.<\/p>\n\n\n\n<p><strong>La inmortalidad del alma<\/strong>.<\/p>\n\n\n\n<p><strong>La pluralidad de los mundos<\/strong> habitados por seres de diferentes grados evolutivos, iguales y m\u00e1s o menos evolucionados que los hombres.<\/p>\n\n\n\n<p><strong>La reencarnaci\u00f3n<\/strong> que permite al hombre a trav\u00e9s de la Ley de causa y Efecto progresar espiritualmente hasta llegar a la perfecci\u00f3n.<\/p>\n\n\n\n<p><strong>La comunicabilidad con el mundo invisible<\/strong>, morada de\n los Esp\u00edritus no encarnados que permite conocer mediante sus \nmanifestaciones el entorno espiritual con el que nos encontramos \nactualmente interpenetrados. La pr\u00e1ctica medi\u00famnica que realizan los \nsespiritistas s\u00f3lo es la ejercida en base a los principios de la \nDoctrina Esp\u00edrita y dentro del la moral cristiana, sin ninguna clase de \nculto exterior y seg\u00fan la orientaci\u00f3n moral del Evangelio: <em>\u201cDad de gracia lo que de gracia recibisteis\u201d<\/em>.<\/p>\n\n\n\n<p>Tan s\u00f3lo debemos matizar que el fen\u00f3meno medi\u00famnico no es m\u00e1s una \nparte de la Doctrina Esp\u00edrita, ya que su mayor fuerza radica en su \nfilosof\u00eda y moral.<\/p>\n\n\n\n<p>Esperamos haber aportado \u00fanicamente unas pinceladas de conocimiento \nsobre esta filosof\u00eda de vida a la que os invitamos a paarticipar con el \nrazonamiento. Porque para aello vivimos en el siglo XXI, y los dogmas \nreligiosos ya quedaron en el tiempo.<\/p>\n\n\n\n<p>Juan Miguel Fern\u00e1ndez Mu\u00f1oz <\/p>\n","protected":false},"excerpt":{"rendered":"<p>Estamos asistiendo \u00faltimamente, a trav\u00e9s de la televisi\u00f3n, a programas de debate que dicen tener relaci\u00f3n con los temas del esp\u00edritu y que no son m\u00e1s que enfrentamientos y disputas groseras que generan, a su vez, una gran confusi\u00f3n a todos aquellos que contemplamos at\u00f3nitos estos \u201cespect\u00e1culos\u201d. El t\u00edtulo de este art\u00edculo servir\u00e1 para manifestar&hellip;<\/p>\n","protected":false},"author":1,"featured_media":0,"comment_status":"open","ping_status":"open","sticky":false,"template":"","format":"standard","meta":{"footnotes":""},"categories":[3],"tags":[],"class_list":["post-173","post","type-post","status-publish","format-standard","hentry","category-articulo"],"_links":{"self":[{"href":"https:\/\/www.espiritasmadrid.com\/index.php\/wp-json\/wp\/v2\/posts\/173","targetHints":{"allow":["GET"]}}],"collection":[{"href":"https:\/\/www.espiritasmadrid.com\/index.php\/wp-json\/wp\/v2\/posts"}],"about":[{"href":"https:\/\/www.espiritasmadrid.com\/index.php\/wp-json\/wp\/v2\/types\/post"}],"author":[{"embeddable":true,"href":"https:\/\/www.espiritasmadrid.com\/index.php\/wp-json\/wp\/v2\/users\/1"}],"replies":[{"embeddable":true,"href":"https:\/\/www.espiritasmadrid.com\/index.php\/wp-json\/wp\/v2\/comments?post=173"}],"version-history":[{"count":1,"href":"https:\/\/www.espiritasmadrid.com\/index.php\/wp-json\/wp\/v2\/posts\/173\/revisions"}],"predecessor-version":[{"id":174,"href":"https:\/\/www.espiritasmadrid.com\/index.php\/wp-json\/wp\/v2\/posts\/173\/revisions\/174"}],"wp:attachment":[{"href":"https:\/\/www.espiritasmadrid.com\/index.php\/wp-json\/wp\/v2\/media?parent=173"}],"wp:term":[{"taxonomy":"category","embeddable":true,"href":"https:\/\/www.espiritasmadrid.com\/index.php\/wp-json\/wp\/v2\/categories?post=173"},{"taxonomy":"post_tag","embeddable":true,"href":"https:\/\/www.espiritasmadrid.com\/index.php\/wp-json\/wp\/v2\/tags?post=173"}],"curies":[{"name":"wp","href":"https:\/\/api.w.org\/{rel}","templated":true}]}}