{"id":1633,"date":"2025-03-01T20:55:57","date_gmt":"2025-03-01T19:55:57","guid":{"rendered":"https:\/\/www.espiritasmadrid.com\/?p=1633"},"modified":"2025-03-01T21:07:02","modified_gmt":"2025-03-01T20:07:02","slug":"senales-que-despiertan-la-mediumnidad-juan-miguel-hernandez","status":"publish","type":"post","link":"https:\/\/www.espiritasmadrid.com\/index.php\/2025\/03\/01\/senales-que-despiertan-la-mediumnidad-juan-miguel-hernandez\/","title":{"rendered":"Se\u00f1ales que despiertan la mediumnidad"},"content":{"rendered":"\n<h2 class=\"wp-block-heading\"><strong>Conferencia de Juan Miguel Fern\u00e1ndez en la Asociaci\u00f3n de Estudios Esp\u00edritas de Madrid<\/strong><\/h2>\n\n\n\n<figure class=\"wp-block-embed is-type-video is-provider-youtube wp-block-embed-youtube wp-embed-aspect-16-9 wp-has-aspect-ratio\"><div class=\"wp-block-embed__wrapper\">\n<iframe loading=\"lazy\" title=\"SE\u00d1ALES QUE DESPIERTAN LA MEDIUMNIDAD -  Juan Miguel Fern\u00e1ndez\" width=\"1170\" height=\"658\" src=\"https:\/\/www.youtube.com\/embed\/ibe2w7NsmBk?feature=oembed\" frameborder=\"0\" allow=\"accelerometer; autoplay; clipboard-write; encrypted-media; gyroscope; picture-in-picture; web-share\" referrerpolicy=\"strict-origin-when-cross-origin\" allowfullscreen><\/iframe>\n<\/div><\/figure>\n","protected":false},"excerpt":{"rendered":"<p>Conferencia de Juan Miguel Fern\u00e1ndez en la Asociaci\u00f3n de Estudios Esp\u00edritas de Madrid<\/p>\n","protected":false},"author":1,"featured_media":0,"comment_status":"open","ping_status":"open","sticky":false,"template":"","format":"standard","meta":{"footnotes":""},"categories":[4],"tags":[17,19,16],"class_list":["post-1633","post","type-post","status-publish","format-standard","hentry","category-conferencias","tag-espiritismo","tag-kardec","tag-mediumnidad"],"_links":{"self":[{"href":"https:\/\/www.espiritasmadrid.com\/index.php\/wp-json\/wp\/v2\/posts\/1633","targetHints":{"allow":["GET"]}}],"collection":[{"href":"https:\/\/www.espiritasmadrid.com\/index.php\/wp-json\/wp\/v2\/posts"}],"about":[{"href":"https:\/\/www.espiritasmadrid.com\/index.php\/wp-json\/wp\/v2\/types\/post"}],"author":[{"embeddable":true,"href":"https:\/\/www.espiritasmadrid.com\/index.php\/wp-json\/wp\/v2\/users\/1"}],"replies":[{"embeddable":true,"href":"https:\/\/www.espiritasmadrid.com\/index.php\/wp-json\/wp\/v2\/comments?post=1633"}],"version-history":[{"count":6,"href":"https:\/\/www.espiritasmadrid.com\/index.php\/wp-json\/wp\/v2\/posts\/1633\/revisions"}],"predecessor-version":[{"id":1642,"href":"https:\/\/www.espiritasmadrid.com\/index.php\/wp-json\/wp\/v2\/posts\/1633\/revisions\/1642"}],"wp:attachment":[{"href":"https:\/\/www.espiritasmadrid.com\/index.php\/wp-json\/wp\/v2\/media?parent=1633"}],"wp:term":[{"taxonomy":"category","embeddable":true,"href":"https:\/\/www.espiritasmadrid.com\/index.php\/wp-json\/wp\/v2\/categories?post=1633"},{"taxonomy":"post_tag","embeddable":true,"href":"https:\/\/www.espiritasmadrid.com\/index.php\/wp-json\/wp\/v2\/tags?post=1633"}],"curies":[{"name":"wp","href":"https:\/\/api.w.org\/{rel}","templated":true}]}}