{"id":1549,"date":"2024-10-05T20:41:04","date_gmt":"2024-10-05T18:41:04","guid":{"rendered":"https:\/\/www.espiritasmadrid.com\/?p=1549"},"modified":"2024-10-05T20:43:29","modified_gmt":"2024-10-05T18:43:29","slug":"el-poder-de-la-oracion-y-el-exorcismo","status":"publish","type":"post","link":"https:\/\/www.espiritasmadrid.com\/index.php\/2024\/10\/05\/el-poder-de-la-oracion-y-el-exorcismo\/","title":{"rendered":"El poder de la oraci\u00f3n y el exorcismo"},"content":{"rendered":"\n<h2 class=\"wp-block-heading\">Entrevista a Juan Miguel Fern\u00e1ndez y Mar\u00eda Jes\u00fas Albertus grabada y difundida por El Ojo de Horus<\/h2>\n\n\n\n<figure class=\"wp-block-embed is-type-video is-provider-youtube wp-block-embed-youtube wp-embed-aspect-16-9 wp-has-aspect-ratio\"><div class=\"wp-block-embed__wrapper\">\n<iframe loading=\"lazy\" title=\"El poder de la oraci\u00f3n y el exorcismo - Entrevista a Juan Miguel Fern\u00e1ndez y Mar\u00eda Jes\u00fas  Albertus\" width=\"1170\" height=\"658\" src=\"https:\/\/www.youtube.com\/embed\/LWrgBnCfdKc?feature=oembed\" frameborder=\"0\" allow=\"accelerometer; autoplay; clipboard-write; encrypted-media; gyroscope; picture-in-picture; web-share\" referrerpolicy=\"strict-origin-when-cross-origin\" allowfullscreen><\/iframe>\n<\/div><\/figure>\n","protected":false},"excerpt":{"rendered":"<p>Entrevista a Juan Miguel Fern\u00e1ndez y Mar\u00eda Jes\u00fas Albertus grabada y difundida por El Ojo de Horus<\/p>\n","protected":false},"author":1,"featured_media":0,"comment_status":"open","ping_status":"open","sticky":false,"template":"","format":"standard","meta":{"footnotes":""},"categories":[4],"tags":[],"class_list":["post-1549","post","type-post","status-publish","format-standard","hentry","category-conferencias"],"_links":{"self":[{"href":"https:\/\/www.espiritasmadrid.com\/index.php\/wp-json\/wp\/v2\/posts\/1549","targetHints":{"allow":["GET"]}}],"collection":[{"href":"https:\/\/www.espiritasmadrid.com\/index.php\/wp-json\/wp\/v2\/posts"}],"about":[{"href":"https:\/\/www.espiritasmadrid.com\/index.php\/wp-json\/wp\/v2\/types\/post"}],"author":[{"embeddable":true,"href":"https:\/\/www.espiritasmadrid.com\/index.php\/wp-json\/wp\/v2\/users\/1"}],"replies":[{"embeddable":true,"href":"https:\/\/www.espiritasmadrid.com\/index.php\/wp-json\/wp\/v2\/comments?post=1549"}],"version-history":[{"count":1,"href":"https:\/\/www.espiritasmadrid.com\/index.php\/wp-json\/wp\/v2\/posts\/1549\/revisions"}],"predecessor-version":[{"id":1550,"href":"https:\/\/www.espiritasmadrid.com\/index.php\/wp-json\/wp\/v2\/posts\/1549\/revisions\/1550"}],"wp:attachment":[{"href":"https:\/\/www.espiritasmadrid.com\/index.php\/wp-json\/wp\/v2\/media?parent=1549"}],"wp:term":[{"taxonomy":"category","embeddable":true,"href":"https:\/\/www.espiritasmadrid.com\/index.php\/wp-json\/wp\/v2\/categories?post=1549"},{"taxonomy":"post_tag","embeddable":true,"href":"https:\/\/www.espiritasmadrid.com\/index.php\/wp-json\/wp\/v2\/tags?post=1549"}],"curies":[{"name":"wp","href":"https:\/\/api.w.org\/{rel}","templated":true}]}}