{"id":1515,"date":"2024-07-22T23:17:36","date_gmt":"2024-07-22T21:17:36","guid":{"rendered":"https:\/\/www.espiritasmadrid.com\/?p=1515"},"modified":"2024-07-22T23:18:15","modified_gmt":"2024-07-22T21:18:15","slug":"introduccion-al-estudio-del-espiritismo-parte-1","status":"publish","type":"post","link":"https:\/\/www.espiritasmadrid.com\/index.php\/2024\/07\/22\/introduccion-al-estudio-del-espiritismo-parte-1\/","title":{"rendered":"Introducci\u00f3n al estudio del Espiritismo, parte 1"},"content":{"rendered":"\n<h2 class=\"wp-block-heading\">Conferencia realizada por V\u00edctor M. Fern\u00e1ndez en la Asociaci\u00f3n de estudios esp\u00edritas de Madrid y grabada por Mindalia Televisi\u00f3n<\/h2>\n\n\n\n<figure class=\"wp-block-embed is-type-video is-provider-youtube wp-block-embed-youtube wp-embed-aspect-16-9 wp-has-aspect-ratio\"><div class=\"wp-block-embed__wrapper\">\n<iframe loading=\"lazy\" title=\"Introducci\u00f3n al estudio del Espiritismo, por V\u00edctor M. Fern\u00e1ndez PARTE 1\" width=\"1170\" height=\"658\" src=\"https:\/\/www.youtube.com\/embed\/J2cGk0J9K6o?feature=oembed\" frameborder=\"0\" allow=\"accelerometer; autoplay; clipboard-write; encrypted-media; gyroscope; picture-in-picture; web-share\" referrerpolicy=\"strict-origin-when-cross-origin\" allowfullscreen><\/iframe>\n<\/div><\/figure>\n","protected":false},"excerpt":{"rendered":"<p>Conferencia realizada por V\u00edctor M. Fern\u00e1ndez en la Asociaci\u00f3n de estudios esp\u00edritas de Madrid y grabada por Mindalia Televisi\u00f3n<\/p>\n","protected":false},"author":1,"featured_media":0,"comment_status":"open","ping_status":"open","sticky":false,"template":"","format":"standard","meta":{"footnotes":""},"categories":[4,1],"tags":[],"class_list":["post-1515","post","type-post","status-publish","format-standard","hentry","category-conferencias","category-sin-categoria"],"_links":{"self":[{"href":"https:\/\/www.espiritasmadrid.com\/index.php\/wp-json\/wp\/v2\/posts\/1515","targetHints":{"allow":["GET"]}}],"collection":[{"href":"https:\/\/www.espiritasmadrid.com\/index.php\/wp-json\/wp\/v2\/posts"}],"about":[{"href":"https:\/\/www.espiritasmadrid.com\/index.php\/wp-json\/wp\/v2\/types\/post"}],"author":[{"embeddable":true,"href":"https:\/\/www.espiritasmadrid.com\/index.php\/wp-json\/wp\/v2\/users\/1"}],"replies":[{"embeddable":true,"href":"https:\/\/www.espiritasmadrid.com\/index.php\/wp-json\/wp\/v2\/comments?post=1515"}],"version-history":[{"count":1,"href":"https:\/\/www.espiritasmadrid.com\/index.php\/wp-json\/wp\/v2\/posts\/1515\/revisions"}],"predecessor-version":[{"id":1516,"href":"https:\/\/www.espiritasmadrid.com\/index.php\/wp-json\/wp\/v2\/posts\/1515\/revisions\/1516"}],"wp:attachment":[{"href":"https:\/\/www.espiritasmadrid.com\/index.php\/wp-json\/wp\/v2\/media?parent=1515"}],"wp:term":[{"taxonomy":"category","embeddable":true,"href":"https:\/\/www.espiritasmadrid.com\/index.php\/wp-json\/wp\/v2\/categories?post=1515"},{"taxonomy":"post_tag","embeddable":true,"href":"https:\/\/www.espiritasmadrid.com\/index.php\/wp-json\/wp\/v2\/tags?post=1515"}],"curies":[{"name":"wp","href":"https:\/\/api.w.org\/{rel}","templated":true}]}}