{"id":1317,"date":"2023-10-31T12:29:30","date_gmt":"2023-10-31T11:29:30","guid":{"rendered":"https:\/\/www.espiritasmadrid.com\/?p=1317"},"modified":"2023-10-31T12:29:30","modified_gmt":"2023-10-31T11:29:30","slug":"existen-evidencias-de-la-vida-tras-la-muerte","status":"publish","type":"post","link":"https:\/\/www.espiritasmadrid.com\/index.php\/2023\/10\/31\/existen-evidencias-de-la-vida-tras-la-muerte\/","title":{"rendered":"\u00bfExisten evidencias de la vida tras la muerte?"},"content":{"rendered":"\n<h2 class=\"wp-block-heading\">Charla con Mar\u00eda Jes\u00fas Albertus y Juan Miguel Fern\u00e1ndez en Mindalia Televisi\u00f3n<\/h2>\n\n\n\n<figure class=\"wp-block-embed is-type-video is-provider-youtube wp-block-embed-youtube wp-embed-aspect-16-9 wp-has-aspect-ratio\"><div class=\"wp-block-embed__wrapper\">\n<iframe loading=\"lazy\" title=\"\u00bfExisten evidencias de la vida tras la muerte? Con Mar\u00eda Jes\u00fas Albertus y Juan M. Fern\u00e1ndez\" width=\"1170\" height=\"658\" src=\"https:\/\/www.youtube.com\/embed\/Lfe0touabBc?start=3&#038;feature=oembed\" frameborder=\"0\" allow=\"accelerometer; autoplay; clipboard-write; encrypted-media; gyroscope; picture-in-picture; web-share\" allowfullscreen><\/iframe>\n<\/div><\/figure>\n","protected":false},"excerpt":{"rendered":"<p>Charla con Mar\u00eda Jes\u00fas Albertus y Juan Miguel Fern\u00e1ndez en Mindalia Televisi\u00f3n<\/p>\n","protected":false},"author":1,"featured_media":0,"comment_status":"open","ping_status":"open","sticky":false,"template":"","format":"standard","meta":{"footnotes":""},"categories":[4],"tags":[],"class_list":["post-1317","post","type-post","status-publish","format-standard","hentry","category-conferencias"],"_links":{"self":[{"href":"https:\/\/www.espiritasmadrid.com\/index.php\/wp-json\/wp\/v2\/posts\/1317","targetHints":{"allow":["GET"]}}],"collection":[{"href":"https:\/\/www.espiritasmadrid.com\/index.php\/wp-json\/wp\/v2\/posts"}],"about":[{"href":"https:\/\/www.espiritasmadrid.com\/index.php\/wp-json\/wp\/v2\/types\/post"}],"author":[{"embeddable":true,"href":"https:\/\/www.espiritasmadrid.com\/index.php\/wp-json\/wp\/v2\/users\/1"}],"replies":[{"embeddable":true,"href":"https:\/\/www.espiritasmadrid.com\/index.php\/wp-json\/wp\/v2\/comments?post=1317"}],"version-history":[{"count":1,"href":"https:\/\/www.espiritasmadrid.com\/index.php\/wp-json\/wp\/v2\/posts\/1317\/revisions"}],"predecessor-version":[{"id":1318,"href":"https:\/\/www.espiritasmadrid.com\/index.php\/wp-json\/wp\/v2\/posts\/1317\/revisions\/1318"}],"wp:attachment":[{"href":"https:\/\/www.espiritasmadrid.com\/index.php\/wp-json\/wp\/v2\/media?parent=1317"}],"wp:term":[{"taxonomy":"category","embeddable":true,"href":"https:\/\/www.espiritasmadrid.com\/index.php\/wp-json\/wp\/v2\/categories?post=1317"},{"taxonomy":"post_tag","embeddable":true,"href":"https:\/\/www.espiritasmadrid.com\/index.php\/wp-json\/wp\/v2\/tags?post=1317"}],"curies":[{"name":"wp","href":"https:\/\/api.w.org\/{rel}","templated":true}]}}